{"id":481,"date":"2019-06-09T20:59:53","date_gmt":"2019-06-09T18:59:53","guid":{"rendered":"https:\/\/lazapette.net\/?p=481"},"modified":"2022-05-23T15:56:01","modified_gmt":"2022-05-23T13:56:01","slug":"le-moyen-age-aux-andelys","status":"publish","type":"post","link":"https:\/\/lazapette.net\/?p=481","title":{"rendered":"Les villes aux cours d&rsquo;Histoires"},"content":{"rendered":"\n<h2 class=\"wp-block-heading\"><strong>LES ANDELYS <\/strong>et le moyen-\u00e2ge<\/h2>\n\n\n\n<p>En ce moment avec les parents nous \u00e9tudions le Moyen Age et leur ch\u00e2teaux fort. A quelques kilom\u00e8tres de l\u00e0 nous sommes all\u00e9s visiter les ruines du ch\u00e2teau Gaillard aux Andelys (27700)<\/p>\n\n\n\n<figure class=\"wp-block-image\"><img loading=\"lazy\" decoding=\"async\" width=\"1024\" height=\"680\" src=\"https:\/\/lazapette.net\/wp-content\/uploads\/2019\/06\/DSC_0515.1-1024x680.jpg\" alt=\"\" class=\"wp-image-483\" srcset=\"https:\/\/lazapette.net\/wp-content\/uploads\/2019\/06\/DSC_0515.1-1024x680.jpg 1024w, https:\/\/lazapette.net\/wp-content\/uploads\/2019\/06\/DSC_0515.1-300x199.jpg 300w, https:\/\/lazapette.net\/wp-content\/uploads\/2019\/06\/DSC_0515.1-768x510.jpg 768w, https:\/\/lazapette.net\/wp-content\/uploads\/2019\/06\/DSC_0515.1.jpg 2000w\" sizes=\"auto, (max-width: 1024px) 100vw, 1024px\" \/><\/figure>\n\n\n\n<p>Une visite d&rsquo;un ch\u00e2teau en ruines, m\u00eame si la vue est \u00e9poustouflante ce qu&rsquo;on a aim\u00e9 ce sont les les sentiers escarp\u00e9s \u00e0 grimper. Le ch\u00e2teau est rempli de myst\u00e8re on y a aper\u00e7u les meurtri\u00e8res et si nous on ne prend pas le temps de lire les panneaux explicatif au point Panorama aucun myst\u00e8re ne nous sera \u00e9clair\u00e9. Alors ce qu&rsquo;on veut c&rsquo;est entrer dans le ch\u00e2teau, l\u00e0 o\u00f9 il y a le donjon il y aura peut-\u00eatre des choses plus int\u00e9ressantes. Mais nous n&rsquo;irons pas, cette partie est payante et ce n&rsquo;\u00e9tait pas pr\u00e9vu. Alors cette partie semble encore plus myst\u00e9rieuse et notre imagination se met en route, parfois \u00e9clair\u00e9e par papa et maman. Ce qu&rsquo;on aime nous ce sont les secrets, les portes secr\u00e8tes. Les murs sont immenses. Que peut-\u00eatre qu&rsquo;\u00e0 l&rsquo;endroit o\u00f9 nous marchons (comme il ne reste que des ruines), il y avait des cuisines, des chambres, un salon, un couloir, une maison etc&#8230;<\/p>\n\n\n\n<figure class=\"wp-block-image\"><img loading=\"lazy\" decoding=\"async\" width=\"1024\" height=\"680\" src=\"https:\/\/lazapette.net\/wp-content\/uploads\/2019\/06\/DSC_0525.1-1024x680.jpg\" alt=\"\" class=\"wp-image-484\" srcset=\"https:\/\/lazapette.net\/wp-content\/uploads\/2019\/06\/DSC_0525.1-1024x680.jpg 1024w, https:\/\/lazapette.net\/wp-content\/uploads\/2019\/06\/DSC_0525.1-300x199.jpg 300w, https:\/\/lazapette.net\/wp-content\/uploads\/2019\/06\/DSC_0525.1-768x510.jpg 768w, https:\/\/lazapette.net\/wp-content\/uploads\/2019\/06\/DSC_0525.1.jpg 2000w\" sizes=\"auto, (max-width: 1024px) 100vw, 1024px\" \/><figcaption>Papa et maman nous montre \u00e0 quel point le ch\u00e2teau \u00e9tat immense<\/figcaption><\/figure>\n\n\n\n<p>Nous avons ensuite visit\u00e9 la Coll\u00e9giale de N.D \u00e0 Les Andelys. On y a entendu l&rsquo;orgue de l&rsquo;\u00e9glise, l\u00a0\u00bborguier\u00a0\u00bb s&rsquo;entra\u00eenait. Nous avons aussi entendu les cloches. Et nous nous sommes demand\u00e9s dans quelle cat\u00e9gories devions nous ranger l&rsquo;orgue. Les gargouilles sont trop biens sur ce monuments et Eneko s\u2019entra\u00eenera \u00e0 faire de belle rosace pour rivaliser de la d\u00e9coration des vitraux..<\/p>\n\n\n\n<figure class=\"wp-block-image\"><img loading=\"lazy\" decoding=\"async\" width=\"1024\" height=\"680\" src=\"https:\/\/lazapette.net\/wp-content\/uploads\/2019\/06\/DSC_0542.1-1024x680.jpg\" alt=\"\" class=\"wp-image-482\" srcset=\"https:\/\/lazapette.net\/wp-content\/uploads\/2019\/06\/DSC_0542.1-1024x680.jpg 1024w, https:\/\/lazapette.net\/wp-content\/uploads\/2019\/06\/DSC_0542.1-300x199.jpg 300w, https:\/\/lazapette.net\/wp-content\/uploads\/2019\/06\/DSC_0542.1-768x510.jpg 768w, https:\/\/lazapette.net\/wp-content\/uploads\/2019\/06\/DSC_0542.1.jpg 2000w\" sizes=\"auto, (max-width: 1024px) 100vw, 1024px\" \/><figcaption> Mais combien de gargouilles en tout !<\/figcaption><\/figure>\n\n\n\n<div class=\"wp-block-group\"><div class=\"wp-block-group__inner-container is-layout-flow wp-block-group-is-layout-flow\">\n<div class=\"wp-block-group\"><div class=\"wp-block-group__inner-container is-layout-flow wp-block-group-is-layout-flow\">\n<div class=\"wp-block-group alignfull has-background\" style=\"background-color:#f8f4e4\"><div class=\"wp-block-group__inner-container is-layout-flow wp-block-group-is-layout-flow\">\n<div class=\"wp-block-columns alignwide is-layout-flex wp-container-core-columns-is-layout-9d6595d7 wp-block-columns-is-layout-flex\">\n<div class=\"wp-block-column is-layout-flow wp-block-column-is-layout-flow\">\n<h2 class=\"has-text-color wp-block-heading\" id=\"ecosystem\" style=\"color:#000000\"><strong>VERDUN<\/strong> : la premi\u00e8re guerre mondial<\/h2>\n\n\n\n<figure class=\"wp-block-image size-large\"><img loading=\"lazy\" decoding=\"async\" width=\"2048\" height=\"944\" src=\"https:\/\/lazapette.net\/wp-content\/uploads\/2022\/05\/20200927_174533-2-2048x944.jpg\" alt=\"\" class=\"wp-image-862\" srcset=\"https:\/\/lazapette.net\/wp-content\/uploads\/2022\/05\/20200927_174533-2-2048x944.jpg 2048w, https:\/\/lazapette.net\/wp-content\/uploads\/2022\/05\/20200927_174533-2-300x138.jpg 300w, https:\/\/lazapette.net\/wp-content\/uploads\/2022\/05\/20200927_174533-2-768x354.jpg 768w, https:\/\/lazapette.net\/wp-content\/uploads\/2022\/05\/20200927_174533-2-1536x708.jpg 1536w\" sizes=\"auto, (max-width: 2048px) 100vw, 2048px\" \/><figcaption>Nous arrivons enfin \u00e0 Verdun apr\u00e8s avoir fait quelques autres visites. Verdun est une ville qui se visite. En se baladant dans Verdun forc\u00e9ment la plupart des monuments sont concentr\u00e9 sur la premi\u00e8re guerre mondial et sur l&rsquo;\u00e9ventualit\u00e9 d&rsquo;en avoir appris les cons\u00e9quences. Je dis \u00e9ventuels car il y avait une exposition au mus\u00e9e du centre mondial de la paix, des libert\u00e9s et des droits de l&rsquo;homme. Nous avons pas visit\u00e9 l&rsquo;int\u00e9rieur du mus\u00e9e mais l&rsquo;exposition \u00e9tait tr\u00e8s claire pour celui qui prend le temps de lire. Elle expliquait comment une fois la guerre finit sur le terrain avait laiss\u00e9 d&rsquo;\u00e9normes ranc\u0153urs dans les pays voisins parfois ray\u00e9s. Des pays endett\u00e9s qui seront s\u00fbr de ne jamais pouvoir payer leur dettes resteront d\u00e9pendant d&rsquo;un pays voisins, ou des empires. Des pays soi-disant fautifs vont \u00eatre punis de mani\u00e8re \u00e0 ce que le pays se d\u00e9veloppe sous les ordres des plus grands. Bref la tyrannie. Je vous laisse d\u00e9couvrir si elle existe toujours.<\/figcaption><\/figure>\n\n\n\n<div style=\"height:5px\" aria-hidden=\"true\" class=\"wp-block-spacer\"><\/div>\n<\/div>\n<\/div>\n\n\n\n<div class=\"wp-block-columns alignwide is-layout-flex wp-container-core-columns-is-layout-9d6595d7 wp-block-columns-is-layout-flex\">\n<div class=\"wp-block-column is-layout-flow wp-block-column-is-layout-flow\" style=\"flex-basis:33.38%\">\n<p class=\"has-text-color has-extra-small-font-size\" style=\"color:#000000\">En visitant la Cath\u00e9drale Notre-Dame de Verdun on peut voir aussi qu&rsquo;elle est parsem\u00e9e de l&rsquo;histoire de cette guerre. En effet les sculpture montrent \u00e0 quel point la guerre a marqu\u00e9 la ville. A quel point elle veut que l&rsquo;on se souvienne aussi. Certainement pour ne pas reproduire.<\/p>\n<\/div>\n\n\n\n<div class=\"wp-block-column is-vertically-aligned-top is-layout-flow wp-block-column-is-layout-flow\" style=\"flex-basis:33.62%\">\n<figure class=\"wp-block-image size-large\"><img loading=\"lazy\" decoding=\"async\" width=\"2048\" height=\"945\" src=\"https:\/\/lazapette.net\/wp-content\/uploads\/2022\/05\/20200927_173022-1-2048x945.jpg\" alt=\"\" class=\"wp-image-861\" srcset=\"https:\/\/lazapette.net\/wp-content\/uploads\/2022\/05\/20200927_173022-1-2048x945.jpg 2048w, https:\/\/lazapette.net\/wp-content\/uploads\/2022\/05\/20200927_173022-1-300x138.jpg 300w, https:\/\/lazapette.net\/wp-content\/uploads\/2022\/05\/20200927_173022-1-768x354.jpg 768w, https:\/\/lazapette.net\/wp-content\/uploads\/2022\/05\/20200927_173022-1-1536x709.jpg 1536w\" sizes=\"auto, (max-width: 2048px) 100vw, 2048px\" \/><figcaption>Une colonne qui montre un soldat yeux band\u00e9s et \u00e0 genou<\/figcaption><\/figure>\n\n\n\n<figure class=\"wp-block-image size-large\"><img loading=\"lazy\" decoding=\"async\" width=\"2048\" height=\"945\" src=\"https:\/\/lazapette.net\/wp-content\/uploads\/2022\/05\/20200927_173050-1-2048x945.jpg\" alt=\"\" class=\"wp-image-869\" srcset=\"https:\/\/lazapette.net\/wp-content\/uploads\/2022\/05\/20200927_173050-1-2048x945.jpg 2048w, https:\/\/lazapette.net\/wp-content\/uploads\/2022\/05\/20200927_173050-1-300x138.jpg 300w, https:\/\/lazapette.net\/wp-content\/uploads\/2022\/05\/20200927_173050-1-768x354.jpg 768w, https:\/\/lazapette.net\/wp-content\/uploads\/2022\/05\/20200927_173050-1-1536x709.jpg 1536w\" sizes=\"auto, (max-width: 2048px) 100vw, 2048px\" \/><figcaption>Une autre colonne de la cath\u00e9drale avec un engin de guerre<\/figcaption><\/figure>\n<\/div>\n\n\n\n<div class=\"wp-block-column is-layout-flow wp-block-column-is-layout-flow\" style=\"flex-basis:33%\">\n<p>Il y a aussi la citadelle souterraine de Verdun a visiter qui peut-\u00eatre assez ludique pour d\u00e9couvrir l&rsquo;histoire de la guerre nous ne l&rsquo;avons pas faite mais elle a \u00e9t\u00e9 souvent recommand\u00e9e. Il s&rsquo;agit d&rsquo;une visite agr\u00e9ment\u00e9 d&rsquo;un petit train. Il y fait frais en \u00e9t\u00e9 et froid en hiver. Couvrez-vous.<\/p>\n<\/div>\n<\/div>\n\n\n\n<div class=\"wp-block-columns alignwide is-layout-flex wp-container-core-columns-is-layout-9d6595d7 wp-block-columns-is-layout-flex\">\n<div class=\"wp-block-column is-vertically-aligned-center is-layout-flow wp-block-column-is-layout-flow\" style=\"flex-basis:33%\">\n<figure class=\"wp-block-image size-large\"><img loading=\"lazy\" decoding=\"async\" width=\"945\" height=\"2048\" src=\"https:\/\/lazapette.net\/wp-content\/uploads\/2022\/05\/20200928_163631-945x2048.jpg\" alt=\"\" class=\"wp-image-872\" srcset=\"https:\/\/lazapette.net\/wp-content\/uploads\/2022\/05\/20200928_163631-945x2048.jpg 945w, https:\/\/lazapette.net\/wp-content\/uploads\/2022\/05\/20200928_163631-138x300.jpg 138w, https:\/\/lazapette.net\/wp-content\/uploads\/2022\/05\/20200928_163631-768x1665.jpg 768w, https:\/\/lazapette.net\/wp-content\/uploads\/2022\/05\/20200928_163631-709x1536.jpg 709w, https:\/\/lazapette.net\/wp-content\/uploads\/2022\/05\/20200928_163631-scaled.jpg 1181w\" sizes=\"auto, (max-width: 945px) 100vw, 945px\" \/><\/figure>\n<\/div>\n\n\n\n<div class=\"wp-block-column is-layout-flow wp-block-column-is-layout-flow\"><\/div>\n\n\n\n<div class=\"wp-block-column is-layout-flow wp-block-column-is-layout-flow\" style=\"flex-basis:67%\">\n<div class=\"wp-block-image\"><figure class=\"alignright size-large is-resized\"><img loading=\"lazy\" decoding=\"async\" src=\"https:\/\/lazapette.net\/wp-content\/uploads\/2022\/05\/20200928_113551-2048x945.jpg\" alt=\"\" class=\"wp-image-865\" width=\"563\" height=\"259\" srcset=\"https:\/\/lazapette.net\/wp-content\/uploads\/2022\/05\/20200928_113551-2048x945.jpg 2048w, https:\/\/lazapette.net\/wp-content\/uploads\/2022\/05\/20200928_113551-300x138.jpg 300w, https:\/\/lazapette.net\/wp-content\/uploads\/2022\/05\/20200928_113551-768x354.jpg 768w, https:\/\/lazapette.net\/wp-content\/uploads\/2022\/05\/20200928_113551-1536x709.jpg 1536w\" sizes=\"auto, (max-width: 563px) 100vw, 563px\" \/><figcaption>Il s&rsquo;agit l\u00e0 de l&rsquo;Ossuaire de Douaumont qui nous laisse sans voix. Il y a un mus\u00e9e \u00e0 visiter avec des tarifs raisonnable. Un monument qui a son importance. Il s&rsquo;agit d&rsquo;un monument de paix. <\/figcaption><\/figure><\/div>\n\n\n\n<p>  <\/p>\n<\/div>\n<\/div>\n<\/div><\/div>\n<\/div><\/div>\n<\/div><\/div>\n\n\n\n<div class=\"wp-block-media-text alignwide is-stacked-on-mobile\"><figure class=\"wp-block-media-text__media\"><img loading=\"lazy\" decoding=\"async\" width=\"2048\" height=\"945\" src=\"https:\/\/lazapette.net\/wp-content\/uploads\/2022\/05\/20200928_155725-5-2048x945.jpg\" alt=\"\" class=\"wp-image-874 size-full\" srcset=\"https:\/\/lazapette.net\/wp-content\/uploads\/2022\/05\/20200928_155725-5-2048x945.jpg 2048w, https:\/\/lazapette.net\/wp-content\/uploads\/2022\/05\/20200928_155725-5-300x138.jpg 300w, https:\/\/lazapette.net\/wp-content\/uploads\/2022\/05\/20200928_155725-5-768x354.jpg 768w, https:\/\/lazapette.net\/wp-content\/uploads\/2022\/05\/20200928_155725-5-1536x709.jpg 1536w\" sizes=\"auto, (max-width: 2048px) 100vw, 2048px\" \/><\/figure><div class=\"wp-block-media-text__content\">\n<p>Il faut aller visiter le m\u00e9morial de Verdun si l&rsquo;on veut pouvoir vraiment s&rsquo;immerger dans l&rsquo;histoire de la premi\u00e8re guerre mondial. On y d\u00e9couvre : les techniques pour combattre plus f\u00e9rocement, les v\u00e9hicules de la guerre pour attaquer plus vite, les m\u00e9thodes pour \u00eatre plus fort, les soldats et leur moral, leur conditions, le cours de l&rsquo;histoire de la guerre et aussi des exp\u00e9riences. En sortant de l\u00e0 on a l&rsquo;impression d&rsquo;avoir v\u00e9cu la guerre. Un peu traumatisant. Je pr\u00e9conise aux + de 9 ans <\/p>\n<\/div><\/div>\n\n\n\n<div class=\"wp-block-media-text alignwide has-media-on-the-right is-stacked-on-mobile\"><figure class=\"wp-block-media-text__media\"><img loading=\"lazy\" decoding=\"async\" width=\"944\" height=\"2048\" src=\"https:\/\/lazapette.net\/wp-content\/uploads\/2022\/05\/20200929_114020-944x2048.jpg\" alt=\"\" class=\"wp-image-875 size-full\" srcset=\"https:\/\/lazapette.net\/wp-content\/uploads\/2022\/05\/20200929_114020-944x2048.jpg 944w, https:\/\/lazapette.net\/wp-content\/uploads\/2022\/05\/20200929_114020-138x300.jpg 138w, https:\/\/lazapette.net\/wp-content\/uploads\/2022\/05\/20200929_114020-768x1667.jpg 768w, https:\/\/lazapette.net\/wp-content\/uploads\/2022\/05\/20200929_114020-708x1536.jpg 708w, https:\/\/lazapette.net\/wp-content\/uploads\/2022\/05\/20200929_114020-scaled.jpg 1180w\" sizes=\"auto, (max-width: 944px) 100vw, 944px\" \/><\/figure><div class=\"wp-block-media-text__content\">\n<div class=\"wp-block-columns is-layout-flex wp-container-core-columns-is-layout-9d6595d7 wp-block-columns-is-layout-flex\">\n<div class=\"wp-block-column is-layout-flow wp-block-column-is-layout-flow\" style=\"flex-basis:100%\">\n<p>Autour de Verdun, plus ou moins proche de Douaumont, il y a pas mal de villages d\u00e9truits c&rsquo;est a dire que la guerre \u00e0 tout d\u00e9truit qu&rsquo;il ne subsiste plus rien. Certains ont juste quelques murets quelques vestiges qui prouvent qu&rsquo;il y avait un village avant \u00e0 cet \u00e9poque l\u00e0. Et d&rsquo;autre lieux \u00e0 voir ou il est indiqu\u00e9 que le passage que l&rsquo;on emprunte est l&rsquo;ancienne tranch\u00e9e de la guerre et parfois \u00e0 quelques m\u00e8tres seulement de l\u00e0 on y trouve la tranch\u00e9e ennemie. Des lieu emprunt de respect, dit un peu sacr\u00e9 o\u00f9 l&rsquo;on y a plus jamais refait de vie o\u00f9 la nature y a pris place sans que plus jamais l&rsquo;homme n&rsquo;y revienne. <\/p>\n<\/div>\n<\/div>\n\n\n\n<div class=\"wp-block-image\"><figure class=\"alignleft size-large\"><img loading=\"lazy\" decoding=\"async\" width=\"2048\" height=\"944\" src=\"https:\/\/lazapette.net\/wp-content\/uploads\/2022\/05\/20200929_110859-2048x944.jpg\" alt=\"\" class=\"wp-image-876\" srcset=\"https:\/\/lazapette.net\/wp-content\/uploads\/2022\/05\/20200929_110859-2048x944.jpg 2048w, https:\/\/lazapette.net\/wp-content\/uploads\/2022\/05\/20200929_110859-300x138.jpg 300w, https:\/\/lazapette.net\/wp-content\/uploads\/2022\/05\/20200929_110859-768x354.jpg 768w, https:\/\/lazapette.net\/wp-content\/uploads\/2022\/05\/20200929_110859-1536x708.jpg 1536w\" sizes=\"auto, (max-width: 2048px) 100vw, 2048px\" \/><figcaption>Des crat\u00e8res profond\u00e9ment marqu\u00e9s par les impacts r\u00e9p\u00e9t\u00e9s des mines et grenades.<\/figcaption><\/figure><\/div>\n<\/div><\/div>\n\n\n\n<p class=\"has-medium-font-size\"><strong>BESANCON l&rsquo;histoire de l&rsquo;horloge<\/strong><\/p>\n\n\n\n<p class=\"has-medium-font-size\"><strong>PONTIVY et Napol\u00e9on<\/strong><\/p>\n\n\n\n<p class=\"has-medium-font-size\"><strong>LA ROQUE SAINT CHRISTOPHE et le moyen-\u00e2ge<\/strong><\/p>\n\n\n\n<p class=\"has-medium-font-size\"><strong>LES EYZIES  la pr\u00e9histoire<\/strong><\/p>\n\n\n\n<p class=\"has-medium-font-size\"><strong>LACAVE Pr\u00e9histo Dino parc<\/strong><\/p>\n\n\n\n<p class=\"has-medium-font-size\"><strong>LE SIDORBE \u00e9tude de la roche<\/strong><\/p>\n\n\n\n<p class=\"has-medium-font-size\"><strong>GUERLEDAN Le Mus\u00e9e de l&rsquo;Electricit\u00e9<\/strong><\/p>\n","protected":false},"excerpt":{"rendered":"<p>LES ANDELYS et le moyen-\u00e2ge En ce moment avec les parents nous \u00e9tudions le Moyen Age et leur ch\u00e2teaux fort. A quelques kilom\u00e8tres de l\u00e0 nous sommes all\u00e9s visiter les ruines du ch\u00e2teau Gaillard aux Andelys (27700) Une visite d&rsquo;un &hellip; <a href=\"https:\/\/lazapette.net\/?p=481\">Continuer la lecture <span class=\"meta-nav\">&rarr;<\/span><\/a><\/p>\n","protected":false},"author":4,"featured_media":0,"comment_status":"open","ping_status":"open","sticky":false,"template":"","format":"standard","meta":{"footnotes":""},"categories":[100],"tags":[128,127,126,122,124,123,125],"class_list":["post-481","post","type-post","status-publish","format-standard","hentry","category-duo-aines","tag-cours-dhistoire-en-visite","tag-ief-et-les-villes","tag-instruire-lhistoire-aux-enfants-grace-aux-villes","tag-lhistoire-en-voyage","tag-les-villes-avec-les-enfants","tag-villes-historique","tag-visiter-une-ville-avec-les-enfants"],"_links":{"self":[{"href":"https:\/\/lazapette.net\/index.php?rest_route=\/wp\/v2\/posts\/481","targetHints":{"allow":["GET"]}}],"collection":[{"href":"https:\/\/lazapette.net\/index.php?rest_route=\/wp\/v2\/posts"}],"about":[{"href":"https:\/\/lazapette.net\/index.php?rest_route=\/wp\/v2\/types\/post"}],"author":[{"embeddable":true,"href":"https:\/\/lazapette.net\/index.php?rest_route=\/wp\/v2\/users\/4"}],"replies":[{"embeddable":true,"href":"https:\/\/lazapette.net\/index.php?rest_route=%2Fwp%2Fv2%2Fcomments&post=481"}],"version-history":[{"count":5,"href":"https:\/\/lazapette.net\/index.php?rest_route=\/wp\/v2\/posts\/481\/revisions"}],"predecessor-version":[{"id":879,"href":"https:\/\/lazapette.net\/index.php?rest_route=\/wp\/v2\/posts\/481\/revisions\/879"}],"wp:attachment":[{"href":"https:\/\/lazapette.net\/index.php?rest_route=%2Fwp%2Fv2%2Fmedia&parent=481"}],"wp:term":[{"taxonomy":"category","embeddable":true,"href":"https:\/\/lazapette.net\/index.php?rest_route=%2Fwp%2Fv2%2Fcategories&post=481"},{"taxonomy":"post_tag","embeddable":true,"href":"https:\/\/lazapette.net\/index.php?rest_route=%2Fwp%2Fv2%2Ftags&post=481"}],"curies":[{"name":"wp","href":"https:\/\/api.w.org\/{rel}","templated":true}]}}